{"id":69,"date":"2026-05-14T11:26:16","date_gmt":"2026-05-14T14:26:16","guid":{"rendered":"http:\/\/localhost\/sitiopyp\/pyp-wp\/?p=69"},"modified":"2026-05-14T11:26:16","modified_gmt":"2026-05-14T14:26:16","slug":"vaca-muerta-es-la-unica-cuenca-shale-capaz-de-rivalizar-con-el-permian","status":"publish","type":"post","link":"https:\/\/perfilvirtual.ar\/pyp\/vaca-muerta-es-la-unica-cuenca-shale-capaz-de-rivalizar-con-el-permian\/","title":{"rendered":"Vaca Muerta es la \u00fanica cuenca shale capaz de rivalizar con el Permian"},"content":{"rendered":"<p>Carlos Garibaldi, secretario ejecutivo de Arpel, la Asociaci\u00f3n Regional de Empresas del Sector Petr\u00f3leo, Gas y Biocombustibles en Latinoam\u00e9rica y el Caribe, traz\u00f3 un diagn\u00f3stico preciso sobre el momento que atraviesa la industria hidrocarbur\u00edfera en la regi\u00f3n y dej\u00f3 una conclusi\u00f3n que interpela directamente a la Argentina: <strong>Am\u00e9rica Latina tiene una ventana de oportunidad hist\u00f3rica frente a s\u00ed y Vaca Muerta es uno de sus activos m\u00e1s estrat\u00e9gicos<\/strong>. El an\u00e1lisis fue publicado como columna de opini\u00f3n con vistas a la 8\u00aa Conferencia Arpel, que se realizar\u00e1 del 1 al 4 de junio en Buenos Aires.<\/p>\n<h2 class=\"wp-block-heading\"><strong>El chequeo de realidad que cambi\u00f3 el debate global<\/strong><\/h2>\n<p>Garibaldi describe un punto de inflexi\u00f3n que se produjo en el primer trimestre de 2025 y que transform\u00f3 la conversaci\u00f3n global sobre energ\u00eda. <strong>La ret\u00f3rica que domin\u00f3 la \u00faltima d\u00e9cada, centrada en acelerar la transici\u00f3n energ\u00e9tica y reducir el rol de los hidrocarburos, cedi\u00f3 paso a un reconocimiento m\u00e1s pragm\u00e1tico de la realidad<\/strong>. &#8220;Se reconocieron finalmente la futilidad de imponer soluciones reduccionistas a un sistema tan complejo como energ\u00eda-econom\u00eda-clima, las condiciones de contorno que dicta la siempre creciente demanda de energ\u00eda, las limitaciones tecnol\u00f3gicas de cadenas de valor de las energ\u00edas renovables y el rol insoslayable, por el futuro concebible, de los hidrocarburos como base fundamental de la seguridad energ\u00e9tica y de su asequibilidad&#8221;, se\u00f1ala el especialista.<\/p>\n","protected":false},"excerpt":{"rendered":"<p>Carlos Garibaldi, secretario ejecutivo de Arpel, la Asociaci\u00f3n Regional de Empresas del Sector Petr\u00f3leo, Gas y Biocombustibles en Latinoam\u00e9rica y el Caribe, traz\u00f3 un diagn\u00f3stico preciso sobre el momento que atraviesa la industria hidrocarbur\u00edfera en la regi\u00f3n y dej\u00f3 una conclusi\u00f3n que interpela directamente a la Argentina: Am\u00e9rica Latina tiene una ventana de oportunidad hist\u00f3rica [&hellip;]<\/p>\n","protected":false},"author":1,"featured_media":70,"comment_status":"open","ping_status":"open","sticky":false,"template":"","format":"standard","meta":{"footnotes":""},"categories":[1],"tags":[],"class_list":["post-69","post","type-post","status-publish","format-standard","has-post-thumbnail","hentry","category-sin-categoria"],"_links":{"self":[{"href":"https:\/\/perfilvirtual.ar\/pyp\/wp-json\/wp\/v2\/posts\/69","targetHints":{"allow":["GET"]}}],"collection":[{"href":"https:\/\/perfilvirtual.ar\/pyp\/wp-json\/wp\/v2\/posts"}],"about":[{"href":"https:\/\/perfilvirtual.ar\/pyp\/wp-json\/wp\/v2\/types\/post"}],"author":[{"embeddable":true,"href":"https:\/\/perfilvirtual.ar\/pyp\/wp-json\/wp\/v2\/users\/1"}],"replies":[{"embeddable":true,"href":"https:\/\/perfilvirtual.ar\/pyp\/wp-json\/wp\/v2\/comments?post=69"}],"version-history":[{"count":1,"href":"https:\/\/perfilvirtual.ar\/pyp\/wp-json\/wp\/v2\/posts\/69\/revisions"}],"predecessor-version":[{"id":71,"href":"https:\/\/perfilvirtual.ar\/pyp\/wp-json\/wp\/v2\/posts\/69\/revisions\/71"}],"wp:featuredmedia":[{"embeddable":true,"href":"https:\/\/perfilvirtual.ar\/pyp\/wp-json\/wp\/v2\/media\/70"}],"wp:attachment":[{"href":"https:\/\/perfilvirtual.ar\/pyp\/wp-json\/wp\/v2\/media?parent=69"}],"wp:term":[{"taxonomy":"category","embeddable":true,"href":"https:\/\/perfilvirtual.ar\/pyp\/wp-json\/wp\/v2\/categories?post=69"},{"taxonomy":"post_tag","embeddable":true,"href":"https:\/\/perfilvirtual.ar\/pyp\/wp-json\/wp\/v2\/tags?post=69"}],"curies":[{"name":"wp","href":"https:\/\/api.w.org\/{rel}","templated":true}]}}